{"id":21083,"date":"2022-11-29T15:19:25","date_gmt":"2022-11-29T14:19:25","guid":{"rendered":"https:\/\/fribourg-centre.com\/noel\/"},"modified":"2025-12-11T09:14:53","modified_gmt":"2025-12-11T07:14:53","slug":"noel","status":"publish","type":"post","link":"https:\/\/fribourg-centre.com\/de\/noel\/","title":{"rendered":"No\u00ebl"},"content":{"rendered":"<p><strong>Animations et horaires de fin d\u2019ann\u00e9e 2025<\/strong><\/p>\n<p>&nbsp;<\/p>\n<p><strong>Saint-Nicolas et ses bisc\u00f4mes<\/strong><\/p>\n<p>Le <strong>samedi 6 d\u00e9cembre de 9h \u00e0 17h<\/strong>, Saint-Nicolas nous rend visite et se baladera dans les couloirs du centre. Venez le rencontrer et, si vous avez \u00e9t\u00e9 bien sages cette ann\u00e9e, vous repartirez avec un d\u00e9licieux bisc\u00f4me.<\/p>\n<p>Pour l\u2019occasion, les commerces sont ouverts jusqu\u2019\u00e0 17h. Profitez-en !<\/p>\n<p>&nbsp;<\/p>\n<p><strong>March\u00e9 de No\u00ebl<\/strong><\/p>\n<p>En panne d\u2019id\u00e9es cadeaux&nbsp;?&nbsp; Rendez-vous dans notre <strong>march\u00e9 de No\u00ebl<\/strong>, situ\u00e9 dans le mall (niveau 1), qui se d\u00e9roulera <strong>du 9 au 24 d\u00e9cembre<\/strong>, <strong>durant les horaires d\u2019ouverture du centre<\/strong>.<br \/>\nQuatre artisans locaux vous proposeront leurs p\u00e9pites :<\/p>\n<ul>\n<li><strong>Bag brands&nbsp;: <\/strong>produits canadiens \u2013 sirops d\u2019\u00e9rables, biscuits, gin, whiskey, bi\u00e8res.<\/li>\n<li><strong>Ruche et Flore <\/strong>: produits d\u2019apiculture \u2013 miel, nougat, vinaigre, hydromel, cosm\u00e9tique naturelle, m\u00e9decine alternative.<\/li>\n<li><strong>L\u2019Atelier Suisse&nbsp;: <\/strong>articles personnalisables \u2013 chaussettes, tasses, tote-bags.<\/li>\n<li><strong>Factory Events&nbsp;<\/strong>: produits \u00e0 la truffe et nougats.<\/li>\n<\/ul>\n<p><img src=\"https:\/\/fribourg-centre.com\/wp-content\/uploads\/2022\/11\/FC_Logos_Marchedenoel.jpg\" class=\"alignnone size-full\" \/><\/p>\n<p>&nbsp;<\/p>\n<p><strong>\u00c0 la rencontre du P\u00e8re No\u00ebl<\/strong><\/p>\n<p>Le P\u00e8re No\u00ebl sera pr\u00e9sent dans le centre aux dates suivantes :<\/p>\n<ul>\n<li>Samedi<strong> 20 d\u00e9cembre <\/strong>de<strong> 12h <\/strong>\u00e0 <strong>16h<\/strong><\/li>\n<li>Mardi<strong> 23 d\u00e9cembre <\/strong>de<strong> 13h<\/strong> \u00e0<strong> 17h<\/strong><\/li>\n<\/ul>\n<p>Profitez-en pour discuter et prendre une photo avec lui&nbsp;!<\/p>\n<p>Le <strong>mardi 23 d\u00e9cembre<\/strong>, les commerces seront exceptionnellement ouverts <strong>jusqu\u2019\u00e0 21h<\/strong>. Vous avez donc plus de temps pour faire vos derni\u00e8res emplettes avant No\u00ebl.<\/p>\n<p>&nbsp;<\/p>\n<p><strong>Tables d\u2019emballage cadeaux<\/strong><\/p>\n<p>Vous redoutez l\u2019emballage de vos cadeaux ? Nous avons la solution pour vous!<\/p>\n<p>Du <strong>12 au 24 d\u00e9cembre<\/strong>, le <strong>Team AFF-FFV<\/strong> emballe vos cadeaux.<\/p>\n<p>Rendez-vous \u00e0 l\u2019une des <strong>4 stations<\/strong> d\u2019emballage r\u00e9parties dans tout le centre. Vous les retrouvez \u00e0 La Galerie, ainsi qu\u2019aux niveaux 1, 2 et 4.<\/p>\n<p>Ce service est <strong>gratuit<\/strong>, mais si vous le souhaitez, vous pouvez soutenir l\u2019association avec un don \u00e0 votre bon c\u0153ur.<\/p>\n<p><img src=\"https:\/\/fribourg-centre.com\/wp-content\/uploads\/2022\/11\/logos_animations_noel_2.png\" class=\"alignnone size-full\" \/><\/p>\n<p>&nbsp;<\/p>\n<p><strong>Nos horaires de fin d\u2019ann\u00e9e<\/strong><\/p>\n<p>Durant la p\u00e9riode des f\u00eates, le centre adapte ses horaires \u00e0 diff\u00e9rentes dates.<\/p>\n<p>Retrouvez tous nos horaires sp\u00e9ciaux ici : <a href=\"https:\/\/fribourg-centre.com\/de\/fribourg-centre\/oeffnungszeiten\/\">https:\/\/fribourg-centre.com\/le-centre\/horaires<\/a><\/p>\n","protected":false},"excerpt":{"rendered":"<p>Animations et horaires de fin d\u2019ann\u00e9e 2025 &nbsp; Saint-Nicolas et ses bisc\u00f4mes Le samedi 6 d\u00e9cembre de 9h \u00e0 17h, Saint-Nicolas nous rend visite et se baladera dans les couloirs du centre. Venez le rencontrer et, si vous avez \u00e9t\u00e9 bien sages cette ann\u00e9e, vous repartirez avec un d\u00e9licieux bisc\u00f4me. Pour l\u2019occasion, les commerces sont [&hellip;]<\/p>\n","protected":false},"author":1,"featured_media":30086,"comment_status":"closed","ping_status":"closed","sticky":false,"template":"","format":"standard","meta":{"inline_featured_image":false},"categories":[18],"tags":[],"_links":{"self":[{"href":"https:\/\/fribourg-centre.com\/de\/wp-json\/wp\/v2\/posts\/21083\/"}],"collection":[{"href":"https:\/\/fribourg-centre.com\/de\/wp-json\/wp\/v2\/posts\/"}],"about":[{"href":"https:\/\/fribourg-centre.com\/de\/wp-json\/wp\/v2\/types\/post\/"}],"author":[{"embeddable":true,"href":"https:\/\/fribourg-centre.com\/de\/wp-json\/wp\/v2\/users\/1\/"}],"replies":[{"embeddable":true,"href":"https:\/\/fribourg-centre.com\/de\/wp-json\/wp\/v2\/comments\/?post=21083"}],"version-history":[{"count":20,"href":"https:\/\/fribourg-centre.com\/de\/wp-json\/wp\/v2\/posts\/21083\/revisions\/"}],"predecessor-version":[{"id":30154,"href":"https:\/\/fribourg-centre.com\/de\/wp-json\/wp\/v2\/posts\/21083\/revisions\/30154\/"}],"wp:featuredmedia":[{"embeddable":true,"href":"https:\/\/fribourg-centre.com\/de\/wp-json\/wp\/v2\/media\/30086\/"}],"wp:attachment":[{"href":"https:\/\/fribourg-centre.com\/de\/wp-json\/wp\/v2\/media\/?parent=21083"}],"wp:term":[{"taxonomy":"category","embeddable":true,"href":"https:\/\/fribourg-centre.com\/de\/wp-json\/wp\/v2\/categories\/?post=21083"},{"taxonomy":"post_tag","embeddable":true,"href":"https:\/\/fribourg-centre.com\/de\/wp-json\/wp\/v2\/tags\/?post=21083"}],"curies":[{"name":"wp","href":"https:\/\/api.w.org\/{rel}","templated":true}]}}