{"id":16498,"date":"2021-09-23T09:51:11","date_gmt":"2021-09-23T08:51:11","guid":{"rendered":"https:\/\/fribourg-centre.com\/victor-award-2021\/"},"modified":"2024-07-02T14:02:54","modified_gmt":"2024-07-02T12:02:54","slug":"victor-award-2024","status":"publish","type":"post","link":"https:\/\/fribourg-centre.com\/de\/victor-award-2024\/","title":{"rendered":"Victor Award 2024"},"content":{"rendered":"<p><b>And the winner is\u2026 Fribourg Centre!<\/b><\/p>\n<p>Pour la 7e fois cons\u00e9cutive, nous ne rentrons pas les mains vides du Victor Marketing Award du Shopping Center Forum Switzerland\u2026 Ce n\u2019est pas un, ni deux, mais carr\u00e9ment trois prix que nous avons remport\u00e9 pour l\u2019ann\u00e9e 2023! Dans les cat\u00e9gories suivantes :<\/p>\n<p>\ud83c\udfc6 <b>Meilleure campagne globale:<\/b> \u00abLe meilleur est au centre\u00bb, depuis 20 ans! \u00c7a en fait des histoires \u00e0 raconter\u2026<br \/>\n\ud83c\udfc6 <b>Meilleure campagne radio<\/b>, avec \u00abC\u2019est ici que \u00e7a se passe\u00bb, l\u2019\u00e9mission radio des fribourgeois.e.s pour les fribourgeois.e.s!<br \/>\n\ud83c\udfc6 <b>Meilleur \u00e9v\u00e9nement<\/b>, gr\u00e2ce \u00e0 notre premier Comedy Club et le vernissage de l\u2019expo photo by STEMUTZ PHOTO, qui a eu lieu dans notre quai de livraison transform\u00e9 pour l\u2019occasion afin de f\u00eater dignement notre 20e anniversaire dans ce lieu atypique. D\u00e9finir une strat\u00e9gie de marketing originale, pertinente, efficace et qui correspond aux valeurs de l\u2019entreprise est un d\u00e9fi de taille&#8230;<\/p>\n<p>Visiblement, les partis pris pour 2023 ont \u00e9t\u00e9 les bons. Merci \u00e0 Frank Bodin et Jan Tanner pour la remise des prix lors de la c\u00e9r\u00e9monie du 16 mai dernier \u00e0 Zurich. Bravo \u00e9galement \u00e0 nos coll\u00e8gues de:<\/p>\n<ul>\n<li>Centre Metropole Lausanne pour la cat\u00e9gorie affiches<\/li>\n<li>Signy Centre pour la cat\u00e9gorie \u00e9v\u00e9nement<\/li>\n<\/ul>\n<p>Nous tenons aussi \u00e0 remercier toutes les personnes impliqu\u00e9es de proche et de loin dans leur engagement et leur professionnalisme pour notre centre commercial :<\/p>\n<ul>\n<li>by the way studio, plus particuli\u00e8rement Victor Ramalho et son \u00e9quipe : pour leur cr\u00e9ativit\u00e9 sans fin et leur soutien dans la d\u00e9finition, planification et r\u00e9alisation de toutes nos actions de marketing<\/li>\n<li>Les membres du Comit\u00e9 de l\u2019Association des Commer\u00e7ants de Fribourg Centre pour leur soutien dans la d\u00e9finition de la strat\u00e9gie globale et dans la pertinence des \u00e9changes pour challenger les id\u00e9es pr\u00e9sent\u00e9es<\/li>\n<li>BVK (propri\u00e9taire de Fribourg Centre) pour sa confiance en notre gestion<\/li>\n<li>RadioFr.: pour l\u2019agr\u00e9able collaboration depuis de nombreuses ann\u00e9es et pour le bon d\u00e9roulement de notre \u00e9mission radio commune<\/li>\n<\/ul>\n<p>&nbsp;<\/p>\n<p><script>document.addEventListener('DOMContentLoaded', function() {(tarteaucitron.job = tarteaucitron.job || []).push('youtube');});<\/script><\/p>\n<div class=\"youtube_player\" videoID=\"tWXaKt_O7LU\" width=\"100%\" height=\"100%\" style=\"height:50vw\" theme=\"light\" rel=\"0\" controls=\"1\" showinfo=\"1\" autoplay=\"0\"><\/div>\n<p>&nbsp;<\/p>\n<p><script>document.addEventListener('DOMContentLoaded', function() {(tarteaucitron.job = tarteaucitron.job || []).push('youtube');});<\/script><\/p>\n<div class=\"youtube_player\" videoID=\"VWl4v0Hre6M\" width=\"100%\" height=\"100%\" style=\"height:50vw\" theme=\"light\" rel=\"0\" controls=\"1\" showinfo=\"1\" autoplay=\"0\"><\/div>\n<p>&nbsp;<\/p>\n<p><script>document.addEventListener('DOMContentLoaded', function() {(tarteaucitron.job = tarteaucitron.job || []).push('youtube');});<\/script><\/p>\n<div class=\"youtube_player\" videoID=\"56tzPKeOM2M\" width=\"100%\" height=\"100%\" style=\"height:50vw\" theme=\"light\" rel=\"0\" controls=\"1\" showinfo=\"1\" autoplay=\"0\"><\/div>\n<p>&nbsp;<\/p>\n","protected":false},"excerpt":{"rendered":"<p>And the winner is\u2026 Fribourg Centre! Pour la 7e fois cons\u00e9cutive, nous ne rentrons pas les mains vides du Victor Marketing Award du Shopping Center Forum Switzerland\u2026 Ce n\u2019est pas un, ni deux, mais carr\u00e9ment trois prix que nous avons remport\u00e9 pour l\u2019ann\u00e9e 2023! Dans les cat\u00e9gories suivantes : \ud83c\udfc6 Meilleure campagne globale: \u00abLe meilleur [&hellip;]<\/p>\n","protected":false},"author":1,"featured_media":25511,"comment_status":"closed","ping_status":"closed","sticky":false,"template":"","format":"standard","meta":{"inline_featured_image":false},"categories":[18],"tags":[],"_links":{"self":[{"href":"https:\/\/fribourg-centre.com\/de\/wp-json\/wp\/v2\/posts\/16498\/"}],"collection":[{"href":"https:\/\/fribourg-centre.com\/de\/wp-json\/wp\/v2\/posts\/"}],"about":[{"href":"https:\/\/fribourg-centre.com\/de\/wp-json\/wp\/v2\/types\/post\/"}],"author":[{"embeddable":true,"href":"https:\/\/fribourg-centre.com\/de\/wp-json\/wp\/v2\/users\/1\/"}],"replies":[{"embeddable":true,"href":"https:\/\/fribourg-centre.com\/de\/wp-json\/wp\/v2\/comments\/?post=16498"}],"version-history":[{"count":7,"href":"https:\/\/fribourg-centre.com\/de\/wp-json\/wp\/v2\/posts\/16498\/revisions\/"}],"predecessor-version":[{"id":25509,"href":"https:\/\/fribourg-centre.com\/de\/wp-json\/wp\/v2\/posts\/16498\/revisions\/25509\/"}],"wp:featuredmedia":[{"embeddable":true,"href":"https:\/\/fribourg-centre.com\/de\/wp-json\/wp\/v2\/media\/25511\/"}],"wp:attachment":[{"href":"https:\/\/fribourg-centre.com\/de\/wp-json\/wp\/v2\/media\/?parent=16498"}],"wp:term":[{"taxonomy":"category","embeddable":true,"href":"https:\/\/fribourg-centre.com\/de\/wp-json\/wp\/v2\/categories\/?post=16498"},{"taxonomy":"post_tag","embeddable":true,"href":"https:\/\/fribourg-centre.com\/de\/wp-json\/wp\/v2\/tags\/?post=16498"}],"curies":[{"name":"wp","href":"https:\/\/api.w.org\/{rel}","templated":true}]}}